{"id":3641,"date":"2025-10-28T11:37:16","date_gmt":"2025-10-28T11:37:16","guid":{"rendered":"https:\/\/www.denkulturelleskolesekken.no\/innlandet\/?p=3641"},"modified":"2025-10-28T11:37:18","modified_gmt":"2025-10-28T11:37:18","slug":"arkeologi-i-skolesekken","status":"publish","type":"post","link":"https:\/\/www.denkulturelleskolesekken.no\/innlandet\/2025\/10\/28\/arkeologi-i-skolesekken\/","title":{"rendered":"Arkeologi i skolesekken"},"content":{"rendered":"\n<p>Denne h\u00f8sten har skoleelever lett etter skogfinske spor og funnet eldgamle gjenstander i sandkassa. <\/p>\n\n\n\n<p><em>Spor etter skogfinner &#8211; arkeologisk utgraving <\/em>og <em>Grav deg ned i tideN<\/em>, st\u00e5r p\u00e5 programmet til <em>Migrasjon og identitet<\/em> &#8211; en satsing i forbindelse med utvandrermarkeringen i 2025.\u00a0<\/p>\n\n\n\n<p>Dette \u00a0er Innlandet fylkeskommune sitt bidrag til 200-\u00e5rs markeringa for den norske utvandringa til Amerika, og er et samarbeid med Den kulturelle skolesekken i Innlandet.<\/p>\n\n\n\n<h2 class=\"wp-block-heading\">Buss- og skogstur&nbsp;<\/h2>\n\n\n\n<p>28 elever fra 4. trinn ved Grue barne- og ungdomsskole fikk v\u00e6re med p\u00e5 <em>Spor etter skogfinner \u2013 arkeologisk utgravning<\/em> fredag 19. september. <\/p>\n\n\n\n<p>\u2013 Elevene var med p\u00e5 arkeologisk utgravning og utforskning av det skogfinske omr\u00e5det. De fikk pr\u00f8ve seg med metalldetektor og fikk v\u00e6re med p\u00e5 en arkeologisk utgravning av en hustuft. Der fant de mye rart. De fikk ogs\u00e5 en historisk omvisning p\u00e5 omr\u00e5det, sier arkeolog Ove Holseng i Innlandet fylkeskommune.<\/p>\n\n\n\n<p>Elevene fant mye spiker, en jernb\u00f8tte, patronhylse og en ganske intakt skos\u00e5le, blant annet. I tillegg fant detektoristene ting etter at elevene var dratt, for eksempel en veldig godt bevart lusekam.&nbsp;<\/p>\n\n\n\n<p>Holseng sier videre at dette var den f\u00f8rste utgravningen i dette omr\u00e5det og var dermed ekstra spennende for b\u00e5de store og sm\u00e5.<\/p>\n\n\n\n<p>I tillegg til Holseng, var arkeologene Tina Amundsen og \u00d8ystein R\u00f8nning Andersen fra fylkeskommunen og detektoristene Knut Arne Stykket og Jan Arild Lerudsmoen med elevene p\u00e5 utgravningen.\u00a0<\/p>\n\n\n\n<h2 class=\"wp-block-heading\">\u2013 Kjempeg\u00f8y med funn i sandkassa&nbsp;<\/h2>\n\n\n\n<p><em>Grav deg ned i tideN <\/em>var p\u00e5 turn\u00e9 til 5.\u20137. trinn i Elverum kommune. Totalt 486 elever ble med p\u00e5 utgravningen de to f\u00f8rste ukene i september. Senere ble det plass til noen ekstra dager p\u00e5 turn\u00e9. Siste utgravning var for elever ved Vallset skole i Stange i uke 43.\u00a0<\/p>\n\n\n\n<p>\u2013 Responsen har gjennomg\u00e5ende v\u00e6rt veldig god. Vi ser at elvene synes det er kjempeg\u00f8y \u00e5 lete etter funn i sandkassa, og den digitale fortellingen produsert av produksjonsselskapet Tidvis fenga dem ogs\u00e5 i veldig stor grad, sier arkeolog Mildri Een Eide i Innlandet fylkeskommune.<\/p>\n\n\n\n<p><\/p>\n","protected":false},"excerpt":{"rendered":"<p>Denne h\u00f8sten har skoleelever lett etter skogfinske spor og funnet eldgamle gjenstander i sandkassa. Spor etter skogfinner &#8211; arkeologisk utgraving og Grav deg ned i tideN, st\u00e5r p\u00e5 programmet til Migrasjon og identitet &#8211; en satsing i forbindelse med utvandrermarkeringen i 2025.\u00a0 Dette \u00a0er Innlandet fylkeskommune sitt bidrag til 200-\u00e5rs markeringa for den norske utvandringa [&hellip;]<\/p>\n","protected":false},"author":14,"featured_media":3643,"comment_status":"closed","ping_status":"open","sticky":false,"template":"","format":"standard","meta":{"footnotes":""},"categories":[2],"tags":[],"class_list":["post-3641","post","type-post","status-publish","format-standard","has-post-thumbnail","hentry","category-aktuelt"],"_links":{"self":[{"href":"https:\/\/www.denkulturelleskolesekken.no\/innlandet\/wp-json\/wp\/v2\/posts\/3641","targetHints":{"allow":["GET"]}}],"collection":[{"href":"https:\/\/www.denkulturelleskolesekken.no\/innlandet\/wp-json\/wp\/v2\/posts"}],"about":[{"href":"https:\/\/www.denkulturelleskolesekken.no\/innlandet\/wp-json\/wp\/v2\/types\/post"}],"author":[{"embeddable":true,"href":"https:\/\/www.denkulturelleskolesekken.no\/innlandet\/wp-json\/wp\/v2\/users\/14"}],"replies":[{"embeddable":true,"href":"https:\/\/www.denkulturelleskolesekken.no\/innlandet\/wp-json\/wp\/v2\/comments?post=3641"}],"version-history":[{"count":2,"href":"https:\/\/www.denkulturelleskolesekken.no\/innlandet\/wp-json\/wp\/v2\/posts\/3641\/revisions"}],"predecessor-version":[{"id":3644,"href":"https:\/\/www.denkulturelleskolesekken.no\/innlandet\/wp-json\/wp\/v2\/posts\/3641\/revisions\/3644"}],"wp:featuredmedia":[{"embeddable":true,"href":"https:\/\/www.denkulturelleskolesekken.no\/innlandet\/wp-json\/wp\/v2\/media\/3643"}],"wp:attachment":[{"href":"https:\/\/www.denkulturelleskolesekken.no\/innlandet\/wp-json\/wp\/v2\/media?parent=3641"}],"wp:term":[{"taxonomy":"category","embeddable":true,"href":"https:\/\/www.denkulturelleskolesekken.no\/innlandet\/wp-json\/wp\/v2\/categories?post=3641"},{"taxonomy":"post_tag","embeddable":true,"href":"https:\/\/www.denkulturelleskolesekken.no\/innlandet\/wp-json\/wp\/v2\/tags?post=3641"}],"curies":[{"name":"wp","href":"https:\/\/api.w.org\/{rel}","templated":true}]}}