{"id":3600,"date":"2025-10-02T11:09:10","date_gmt":"2025-10-02T11:09:10","guid":{"rendered":"https:\/\/www.denkulturelleskolesekken.no\/innlandet\/?p=3600"},"modified":"2025-10-02T13:19:52","modified_gmt":"2025-10-02T13:19:52","slug":"systertellatn-i-nord-aurdal","status":"publish","type":"post","link":"https:\/\/www.denkulturelleskolesekken.no\/innlandet\/2025\/10\/02\/systertellatn-i-nord-aurdal\/","title":{"rendered":"Systertellatn i Nord-Aurdal"},"content":{"rendered":"\n<p><strong>I v\u00e5r fikk elever fra mellomtrinnet p\u00e5 Nord-Aurdal barneskole og Valdres Montessoriskule samarbeide med den lokale kunstneren Marianne Isachsen. Sammen brettet de ikke mindre enn 600 origamifugler av papir fra kasserte b\u00f8ker, og inne i fuglene skrev elevene hva frihet betyr for dem. I h\u00f8st ble dette til utstillingen <em>Systertellatn <\/em>p\u00e5 Fagernes.<\/strong><\/p>\n\n\n\n<p><em>Systertellatn<\/em> er et kjent sagn fra Valdres om tre jomfruer som planter hvert sitt furutre etter \u00e5 ha vunnet et veddem\u00e5l mot trollet (tellatn=furuene). Sagnet forteller at det ble lyst en forbannelse over tr\u00e6rne, og n\u00e5r det siste treet faller, skulle det brenne i Skaveldbygda i Nord-Aurdal. To av furuene falt for mange \u00e5r siden, og under h\u00f8ststormen i fjor, falt ogs\u00e5 det siste treet.<\/p>\n\n\n\n<p>Utstillingen er initiert av Nord-Aurdal kommune, med st\u00f8tte fra Sparebankstiftelsen, Valdresmusea, og lokale midler fra Den kulturelle skolesekken (DKS). Virksomhetsleder for kultur og DKS-kommunekontakt i Nord-Aurdal, Renate Remme \u00d8verseth, kan fortelle at sagnet om furuene er blitt en viktig del av Valdresidentiteten, og ambisjonen er at det skal kunne leve videre, i en ny kontekst, med utstillingen <em>Systertellatn<\/em>.<\/p>\n\n\n\n<blockquote class=\"wp-block-quote is-layout-flow wp-block-quote-is-layout-flow\">\n<p><em>I Valdres kjenner vi et s\u00e6rlig ansvar for \u00e5 ivareta den immaterielle kulturarven.<\/em><\/p>\n\n\n\n<p><em>Renate Remme \u00d8verseth, Virksomhetleder kultur og kommunekontakt for DKS i Nord-Aurdal<\/em><\/p>\n<\/blockquote>\n\n\n\n<p>Marianne Isachsen er en spennende lokal kunstner som kommunen har hatt flere samarbeid med tidligere. Blant annet har elever fra Nord-Aurdal bes\u00f8kt <a href=\"https:\/\/kunstiinnlandet.no\/blank_page\">bokl\u00e5ven hennes i Vang<\/a>, der hun har dekorert familiens gamle l\u00e5ve med 5000 b\u00f8ker. Dette er en helt unik kunstinstallasjon, og stemningen i l\u00e5ven kan ikke beskrives, bare oppleves, sier \u00d8verseth.<\/p>\n\n\n\n<div class=\"wp-block-media-text has-media-on-the-right is-stacked-on-mobile\"><div class=\"wp-block-media-text__content\">\n<p>Kunstner Marianne Isachsen (t.v.) og kommunekontakt Renate Remme \u00d8verseth i det gamle Onstadhuset p\u00e5 Fagernes.<\/p>\n<\/div><figure class=\"wp-block-media-text__media\"><img loading=\"lazy\" decoding=\"async\" width=\"768\" height=\"1024\" src=\"https:\/\/cdn.denkulturelleskolesekken.no\/innlandet\/f13dfa89-renate-og-marianne-ser-i-kamera-768x1024.jpg\" alt=\"\" class=\"wp-image-3601 size-full\" srcset=\"https:\/\/cdn.denkulturelleskolesekken.no\/innlandet\/f13dfa89-renate-og-marianne-ser-i-kamera-768x1024.jpg 768w, https:\/\/cdn.denkulturelleskolesekken.no\/innlandet\/f13dfa89-renate-og-marianne-ser-i-kamera-225x300.jpg 225w, https:\/\/cdn.denkulturelleskolesekken.no\/innlandet\/f13dfa89-renate-og-marianne-ser-i-kamera.jpg 900w\" sizes=\"auto, (max-width: 768px) 100vw, 768px\" \/><\/figure><\/div>\n\n\n\n<p><em>Systertellatn<\/em> var et naturlig prosjekt \u00e5 koble Marianne p\u00e5, fortsetter \u00d8verseth, ikke minst fordi vi s\u00e5 for oss at utstillingen skulle v\u00e6re en installasjon i det gamle Onstadhuset som ligger i bakg\u00e5rden ved Trykkeriet kulturarena p\u00e5 Fagernes. N\u00e5r DKS Innlandet m\u00f8ter dem begge i Onstadhuset, er&nbsp;Isachsen og \u00d8verseth skj\u00f8nt enige om at det har v\u00e6rt en spennende prosess. I tillegg til et tett samarbeid mellom Isachsen og elevene fra Nord-Aurdal, har Alice Gudheim produsert tekst til utstillingen. Fotograf Stian Olsen, lystekniker Daniel Gimle, og snekker og landart-kunstner Alexandru Podleschak har ogs\u00e5 medvirket.<\/p>\n\n\n\n<div class=\"wp-block-media-text is-stacked-on-mobile\" style=\"grid-template-columns:66% auto\"><figure class=\"wp-block-media-text__media\"><img loading=\"lazy\" decoding=\"async\" width=\"825\" height=\"619\" src=\"https:\/\/cdn.denkulturelleskolesekken.no\/innlandet\/8c09cba2-fugler-full-edited.jpg\" alt=\"\" class=\"wp-image-3614 size-full\" srcset=\"https:\/\/cdn.denkulturelleskolesekken.no\/innlandet\/8c09cba2-fugler-full-edited.jpg 825w, https:\/\/cdn.denkulturelleskolesekken.no\/innlandet\/8c09cba2-fugler-full-edited-300x225.jpg 300w, https:\/\/cdn.denkulturelleskolesekken.no\/innlandet\/8c09cba2-fugler-full-edited-768x576.jpg 768w\" sizes=\"auto, (max-width: 825px) 100vw, 825px\" \/><\/figure><div class=\"wp-block-media-text__content\">\n<p>600 origamifugler hengende fra lange furugreiner i taket.<\/p>\n\n\n\n<p>I bakgrunnen skimtes Stian Olsens fotografier av furua som falt, tekstplakater med det elevene skrev om frihet, og Alice Gudheims tekster.<\/p>\n<\/div><\/div>\n\n\n\n<blockquote class=\"wp-block-quote is-layout-flow wp-block-quote-is-layout-flow\">\n<p><em>Sammen skapte de en utstilling som jeg synes ble personlig, dagsaktuell, nydelig, tankevekkende og poetisk.<\/em><\/p>\n\n\n\n<p><em>Renate Remme \u00d8verseth<\/em><\/p>\n<\/blockquote>\n\n\n\n<p>\u00d8verseth har v\u00e6rt kommunekontakt for DKS i snart ti \u00e5r. Hun tenker det aller viktigste er \u00e5 ha et godt samarbeid med skolene. I Nord-Aurdal \u00f8nsker skolene seg noen faste DKS-opplegg gjennom \u00e5ret, som tilbud fra Valdresmusea, teaterbes\u00f8k og kinovisning. Utover dette vil vi v\u00e6re fleksible, sier \u00d8verseth. Vi fors\u00f8ker \u00e5 se helheten i lokalsamfunnet, hva som skjer, og hvor det er naturlig \u00e5 koble p\u00e5 DKS.<\/p>\n\n\n\n<p>Som <a href=\"https:\/\/www.denkulturelleskolesekken.no\/innlandet\/2022\/11\/21\/spelejenta-i-valdres\/\">omtalt i en tidligere nettsak<\/a>, legger \u00d8verseth ogs\u00e5 til at alle de seks Valdres-kommunene samarbeider om en st\u00f8tteordning for lokale produksjoner med folkemusikk- og dans,&nbsp;<em>Folkemusikk i notid og framtid<\/em>. N\u00e5r produksjonene er klare, organiserer vi turneer til skolene i de seks kommunene. P\u00e5 denne m\u00e5ten er vi b\u00e5de med p\u00e5 \u00e5 st\u00f8tte lokale ut\u00f8vere og holde liv i tradisjonene, avslutter \u00d8verseth.<\/p>\n\n\n\n<p>DKS Innlandet takker for invitasjonen og en stor kunstopplevelse i det gamle Onstadhuset!<\/p>\n\n\n\n<div style=\"height:100px\" aria-hidden=\"true\" class=\"wp-block-spacer\"><\/div>\n\n\n\n<blockquote class=\"wp-block-quote is-layout-flow wp-block-quote-is-layout-flow\">\n<p><em>S\u00e5 datt ho over ende ei uv\u00earsnatt. Stammen glatt, vridd av sol, slitt av vind, sleikt av regn. Ingen ting for vinden \u00e5 ta fatt i. Men akkurat no kjente ho kanskje at nok var nok. Ein kunst det; \u00e5 forst\u00e5 slikt. S\u00e5 fekk vinden skuld og \u00e6re.&nbsp;<\/em><\/p>\n\n\n\n<p><em>Alice Gudheim<\/em><\/p>\n<\/blockquote>\n\n\n\n<div style=\"height:100px\" aria-hidden=\"true\" class=\"wp-block-spacer\"><\/div>\n\n\n<div class=\"wp-block-image\">\n<figure class=\"aligncenter size-large is-resized\"><img loading=\"lazy\" decoding=\"async\" width=\"768\" height=\"1024\" src=\"https:\/\/cdn.denkulturelleskolesekken.no\/innlandet\/04afdee7-tekst-5-naer-768x1024.jpg\" alt=\"\" class=\"wp-image-3616\" style=\"width:730px;height:auto\" srcset=\"https:\/\/cdn.denkulturelleskolesekken.no\/innlandet\/04afdee7-tekst-5-naer-768x1024.jpg 768w, https:\/\/cdn.denkulturelleskolesekken.no\/innlandet\/04afdee7-tekst-5-naer-225x300.jpg 225w, https:\/\/cdn.denkulturelleskolesekken.no\/innlandet\/04afdee7-tekst-5-naer.jpg 900w\" sizes=\"auto, (max-width: 768px) 100vw, 768px\" \/><\/figure><\/div>\n\n\n<div style=\"height:100px\" aria-hidden=\"true\" class=\"wp-block-spacer\"><\/div>\n\n\n\n<p><\/p>\n","protected":false},"excerpt":{"rendered":"<p>I v\u00e5r fikk elever fra mellomtrinnet p\u00e5 Nord-Aurdal barneskole og Valdres Montessoriskule samarbeide med den lokale kunstneren Marianne Isachsen. Sammen brettet de ikke mindre enn 600 origamifugler av papir fra kasserte b\u00f8ker, og inne i fuglene skrev elevene hva frihet betyr for dem. I h\u00f8st ble dette til utstillingen Systertellatn p\u00e5 Fagernes. Systertellatn er et [&hellip;]<\/p>\n","protected":false},"author":23,"featured_media":3626,"comment_status":"closed","ping_status":"closed","sticky":false,"template":"","format":"standard","meta":{"footnotes":""},"categories":[2],"tags":[],"class_list":["post-3600","post","type-post","status-publish","format-standard","has-post-thumbnail","hentry","category-aktuelt"],"_links":{"self":[{"href":"https:\/\/www.denkulturelleskolesekken.no\/innlandet\/wp-json\/wp\/v2\/posts\/3600","targetHints":{"allow":["GET"]}}],"collection":[{"href":"https:\/\/www.denkulturelleskolesekken.no\/innlandet\/wp-json\/wp\/v2\/posts"}],"about":[{"href":"https:\/\/www.denkulturelleskolesekken.no\/innlandet\/wp-json\/wp\/v2\/types\/post"}],"author":[{"embeddable":true,"href":"https:\/\/www.denkulturelleskolesekken.no\/innlandet\/wp-json\/wp\/v2\/users\/23"}],"replies":[{"embeddable":true,"href":"https:\/\/www.denkulturelleskolesekken.no\/innlandet\/wp-json\/wp\/v2\/comments?post=3600"}],"version-history":[{"count":19,"href":"https:\/\/www.denkulturelleskolesekken.no\/innlandet\/wp-json\/wp\/v2\/posts\/3600\/revisions"}],"predecessor-version":[{"id":3636,"href":"https:\/\/www.denkulturelleskolesekken.no\/innlandet\/wp-json\/wp\/v2\/posts\/3600\/revisions\/3636"}],"wp:featuredmedia":[{"embeddable":true,"href":"https:\/\/www.denkulturelleskolesekken.no\/innlandet\/wp-json\/wp\/v2\/media\/3626"}],"wp:attachment":[{"href":"https:\/\/www.denkulturelleskolesekken.no\/innlandet\/wp-json\/wp\/v2\/media?parent=3600"}],"wp:term":[{"taxonomy":"category","embeddable":true,"href":"https:\/\/www.denkulturelleskolesekken.no\/innlandet\/wp-json\/wp\/v2\/categories?post=3600"},{"taxonomy":"post_tag","embeddable":true,"href":"https:\/\/www.denkulturelleskolesekken.no\/innlandet\/wp-json\/wp\/v2\/tags?post=3600"}],"curies":[{"name":"wp","href":"https:\/\/api.w.org\/{rel}","templated":true}]}}