{"id":2983,"date":"2024-05-24T10:01:23","date_gmt":"2024-05-24T10:01:23","guid":{"rendered":"https:\/\/www.denkulturelleskolesekken.no\/innlandet\/?p=2983"},"modified":"2024-05-27T06:55:03","modified_gmt":"2024-05-27T06:55:03","slug":"nye-produksjoner-i-dks-innlandet","status":"publish","type":"post","link":"https:\/\/www.denkulturelleskolesekken.no\/innlandet\/2024\/05\/24\/nye-produksjoner-i-dks-innlandet\/","title":{"rendered":"Nyproduksjoner i DKS Innlandet"},"content":{"rendered":"\n<p><strong>B\u00e5de for innev\u00e6rende og kommende skole\u00e5r har DKS Innlandet flere nyproduksjoner innen alle de seks uttrykksformene film, scenekunst, litteratur, musikk, visuell kunst og kulturarv. Noen av produksjonene er utviklet sammen med DKS i andre fylker, enkelte under blant annet <a href=\"https:\/\/www.kulturtanken.no\/dks-lab\/\">DKS Lab<\/a>, <a href=\"https:\/\/www.kulturtanken.no\/aktuelt\/2023\/utlysing-dks-littlab-2023\/\">littlab <\/a>eller til <a href=\"https:\/\/komtilkomma.no\/\">Komma<\/a>, mens andre igjen har v\u00e6rt et samarbeid mellom DKS Innlandets produsenter innen ulike uttrykksformer. &nbsp;<\/strong><\/p>\n\n\n\n<p>Under finner du en samlet oversikt over DKS Innlandets nyproduksjoner for b\u00e5de dette skole\u00e5ret og det kommende. Utforsk produksjoner ved \u00e5 <a href=\"https:\/\/www.denkulturelleskolesekken.no\/innlandet\/\">s\u00f8ke p\u00e5 produksjonens navn p\u00e5 v\u00e5re nettsider<\/a>. &nbsp;<\/p>\n\n\n\n<figure class=\"wp-block-image size-large\"><img loading=\"lazy\" decoding=\"async\" width=\"1024\" height=\"1024\" src=\"https:\/\/cdn.denkulturelleskolesekken.no\/innlandet\/0f54dc7a-jennyfender-1024x1024.jpg\" alt=\"\" class=\"wp-image-2991\" srcset=\"https:\/\/cdn.denkulturelleskolesekken.no\/innlandet\/0f54dc7a-jennyfender-1024x1024.jpg 1024w, https:\/\/cdn.denkulturelleskolesekken.no\/innlandet\/0f54dc7a-jennyfender-300x300.jpg 300w, https:\/\/cdn.denkulturelleskolesekken.no\/innlandet\/0f54dc7a-jennyfender-150x150.jpg 150w, https:\/\/cdn.denkulturelleskolesekken.no\/innlandet\/0f54dc7a-jennyfender-768x768.jpg 768w, https:\/\/cdn.denkulturelleskolesekken.no\/innlandet\/0f54dc7a-jennyfender.jpg 1200w\" sizes=\"auto, (max-width: 1024px) 100vw, 1024px\" \/><figcaption>Jenny Fender bes\u00f8ker barneskoler i Innlandet kommende skole\u00e5r. <br>Illustrasjon: Sigbj\u00f8rn Lilleeng<\/figcaption><\/figure>\n\n\n\n<div style=\"height:100px\" aria-hidden=\"true\" class=\"wp-block-spacer\"><\/div>\n\n\n\n<p><strong>Nyproduksjoner DKS Innlandet 2023-2024<\/strong><\/p>\n\n\n\n<figure class=\"wp-block-table\"><table><tbody><tr><td><strong><em>Produksjon<\/em><\/strong><\/td><td><strong><em>Uttrykk<\/em><\/strong><\/td><td><\/td><\/tr><tr><td>Maur<\/td><td>Scenekunst<\/td><td>Utviklet sammen med DKS Oslo<\/td><\/tr><tr><td>Dragifisert<\/td><td>Scenekunst<\/td><td>Utviklet sammen med DKS Viken<\/td><\/tr><tr><td>Litt redd, bare<\/td><td>Scenekunst<\/td><td>&nbsp;<\/td><\/tr><tr><td>Bacon eller bestevenn<\/td><td>Litteratur<\/td><td>&nbsp;<\/td><\/tr><tr><td>Felefeber<\/td><td>Litteratur<\/td><td>&nbsp;<\/td><\/tr><tr><td>L\u00e6r \u00e5 fly<\/td><td>Litteratur<\/td><td>Utviklet sammen med DKS Viken og DKS B\u00e6rum<\/td><\/tr><tr><td>Ja takk til tr\u00f8bbel<\/td><td>Litteratur<\/td><td>&nbsp;<\/td><\/tr><tr><td>Hun er ikke kvinne<\/td><td>Litteratur<\/td><td>&nbsp;<\/td><\/tr><tr><td>\u00c6vestaden<\/td><td>Musikk<\/td><td>&nbsp;<\/td><\/tr><tr><td>Hverdagen er trofast<\/td><td>Musikk<\/td><td>&nbsp;<\/td><\/tr><tr><td>Skjerm meg?<\/td><td>Musikk<\/td><td>&nbsp;<\/td><\/tr><tr><td>Matata<\/td><td>Musikk<\/td><td><\/td><\/tr><tr><td>Vikingenes &#8220;oppdagelse&#8221; av Amerika<\/td><td>Kulturarv<\/td><td>&nbsp;<\/td><\/tr><tr><td>Melting Mountain<\/td><td>Kulturarv\/ Visuell kunst<\/td><\/tr><tr><td>Making a pencil<\/td><td>Visuell kunst<\/td><td>&nbsp;<\/td><\/tr><tr><td>Ditt personlige kart<\/td><td>Visuell kunst<\/td><td>&nbsp;<\/td><\/tr><tr><td>Fra ku til kuvert<\/td><td>Visuell kunst<\/td><td>&nbsp;<\/td><\/tr><tr><td>Filmkameraets blikk<\/td><td>Film<\/td><td>Utviklet sammen med DKS Viken\/Akershus<\/td><\/tr><\/tbody><\/table><\/figure>\n\n\n\n<p><\/p>\n\n\n\n<p><strong>Nyproduksjoner DKS Innlandet 2024-2025<\/strong><\/p>\n\n\n\n<figure class=\"wp-block-table\"><table><tbody><tr><td><strong><em>Produksjon<\/em><\/strong><\/td><td><strong><em>Uttrykk<\/em><\/strong><\/td><td><\/td><\/tr><tr><td>Jenny Fender<\/td><td>Litteratur<\/td><td>Utviklet sammen med DKS Akershus og DKS Buskerud<\/td><\/tr><tr><td>Fallteknikk<\/td><td>Litteratur<\/td><td>&nbsp;<\/td><\/tr><tr><td>Ut av komfortsonen<\/td><td>Litteratur<\/td><td>&nbsp;<\/td><\/tr><tr><td>Kriminelt forfatterm\u00f8te<\/td><td>Litteratur<\/td><td>&nbsp;<\/td><\/tr><tr><td>IKKE!<\/td><td>Litteratur\/musikk<\/td><\/tr><tr><td>Tigerstate<\/td><td>Musikk<\/td><td>&nbsp;<\/td><\/tr><tr><td>Inn i danselandet<\/td><td>Musikk\/kulturarv<\/td><\/tr><tr><td>En god tid<\/td><td>Visuell kunst<\/td><td>&nbsp;<\/td><\/tr><tr><td>Bygglek<\/td><td>Visuell kunst<\/td><td>&nbsp;<\/td><\/tr><tr><td>Tekstil identitet<\/td><td>Visuell kunst<\/td><td>&nbsp;<\/td><\/tr><tr><td>Storyboard og historiefortelling<\/td><td>Film<\/td><td>&nbsp;<\/td><\/tr><\/tbody><\/table><\/figure>\n\n\n\n<div style=\"height:100px\" aria-hidden=\"true\" class=\"wp-block-spacer\"><\/div>\n\n\n\n<p>I tillegg er midler satt av og planleggingen i full gang for en samisk nyproduksjon, mens kulturarv-produksjonene <em><a href=\"https:\/\/www.denkulturelleskolesekken.no\/innlandet\/utforsk-produksjoner-i-dks\/?produksjon=10723\">Lyd p\u00e5 papir<\/a><\/em> og <em><a href=\"https:\/\/www.denkulturelleskolesekken.no\/innlandet\/utforsk-produksjoner-i-dks\/?produksjon=10000\">Mytologisk Quiz<\/a><\/em> videreutvikles, blant annet for \u00e5 kunne n\u00e5 nye m\u00e5lgrupper. Det er ogs\u00e5 utviklet et nytt <em><a href=\"https:\/\/www.denkulturelleskolesekken.no\/innlandet\/utforsk-produksjoner-i-dks\/?produksjon=7972\">elevarrang\u00f8rkurs<\/a> <\/em>som ble gjennomf\u00f8rt f\u00f8rste gang h\u00f8sten 2023. Kommende h\u00f8st er det klart for en ny runde elevarrang\u00f8rkurs over hele fylket.<\/p>\n\n\n\n<figure class=\"wp-block-image size-large\"><img loading=\"lazy\" decoding=\"async\" width=\"1024\" height=\"511\" src=\"https:\/\/cdn.denkulturelleskolesekken.no\/innlandet\/f20e4271-littredd-1024x511.jpg\" alt=\"\" class=\"wp-image-2992\" srcset=\"https:\/\/cdn.denkulturelleskolesekken.no\/innlandet\/f20e4271-littredd-1024x511.jpg 1024w, https:\/\/cdn.denkulturelleskolesekken.no\/innlandet\/f20e4271-littredd-300x150.jpg 300w, https:\/\/cdn.denkulturelleskolesekken.no\/innlandet\/f20e4271-littredd-768x383.jpg 768w, https:\/\/cdn.denkulturelleskolesekken.no\/innlandet\/f20e4271-littredd.jpg 1200w\" sizes=\"auto, (max-width: 1024px) 100vw, 1024px\" \/><figcaption><em>Litt redd, bare<\/em> skal ut til ungdomsskoler og videreg\u00e5ende skoler i Innlandet kommende skole\u00e5r. Illustrasjon: Sindre Slorafoss<\/figcaption><\/figure>\n\n\n\n<p>Vi gleder oss til nytt skole\u00e5r med mange nye produksjoner til elevene i Innlandet!<\/p>\n","protected":false},"excerpt":{"rendered":"<p>B\u00e5de for innev\u00e6rende og kommende skole\u00e5r har DKS Innlandet flere nyproduksjoner innen alle de seks uttrykksformene film, scenekunst, litteratur, musikk, visuell kunst og kulturarv. Noen av produksjonene er utviklet sammen med DKS i andre fylker, enkelte under blant annet DKS Lab, littlab eller til Komma, mens andre igjen har v\u00e6rt et samarbeid mellom DKS Innlandets [&hellip;]<\/p>\n","protected":false},"author":23,"featured_media":2993,"comment_status":"closed","ping_status":"closed","sticky":false,"template":"","format":"standard","meta":{"footnotes":""},"categories":[2],"tags":[],"class_list":["post-2983","post","type-post","status-publish","format-standard","has-post-thumbnail","hentry","category-aktuelt"],"_links":{"self":[{"href":"https:\/\/www.denkulturelleskolesekken.no\/innlandet\/wp-json\/wp\/v2\/posts\/2983","targetHints":{"allow":["GET"]}}],"collection":[{"href":"https:\/\/www.denkulturelleskolesekken.no\/innlandet\/wp-json\/wp\/v2\/posts"}],"about":[{"href":"https:\/\/www.denkulturelleskolesekken.no\/innlandet\/wp-json\/wp\/v2\/types\/post"}],"author":[{"embeddable":true,"href":"https:\/\/www.denkulturelleskolesekken.no\/innlandet\/wp-json\/wp\/v2\/users\/23"}],"replies":[{"embeddable":true,"href":"https:\/\/www.denkulturelleskolesekken.no\/innlandet\/wp-json\/wp\/v2\/comments?post=2983"}],"version-history":[{"count":20,"href":"https:\/\/www.denkulturelleskolesekken.no\/innlandet\/wp-json\/wp\/v2\/posts\/2983\/revisions"}],"predecessor-version":[{"id":3009,"href":"https:\/\/www.denkulturelleskolesekken.no\/innlandet\/wp-json\/wp\/v2\/posts\/2983\/revisions\/3009"}],"wp:featuredmedia":[{"embeddable":true,"href":"https:\/\/www.denkulturelleskolesekken.no\/innlandet\/wp-json\/wp\/v2\/media\/2993"}],"wp:attachment":[{"href":"https:\/\/www.denkulturelleskolesekken.no\/innlandet\/wp-json\/wp\/v2\/media?parent=2983"}],"wp:term":[{"taxonomy":"category","embeddable":true,"href":"https:\/\/www.denkulturelleskolesekken.no\/innlandet\/wp-json\/wp\/v2\/categories?post=2983"},{"taxonomy":"post_tag","embeddable":true,"href":"https:\/\/www.denkulturelleskolesekken.no\/innlandet\/wp-json\/wp\/v2\/tags?post=2983"}],"curies":[{"name":"wp","href":"https:\/\/api.w.org\/{rel}","templated":true}]}}